{"id":15300,"date":"2021-02-08T10:12:41","date_gmt":"2021-02-08T08:12:41","guid":{"rendered":"https:\/\/gradinabotanica.umfst.ro\/gradina-botanica-universitara-o-sursa-valoroasa-pentru-aromaterapie\/"},"modified":"2021-03-02T12:49:42","modified_gmt":"2021-03-02T10:49:42","slug":"gradina-botanica-universitara-o-sursa-valoroasa-pentru-aromaterapie","status":"publish","type":"post","link":"https:\/\/gradinabotanica.umfst.ro\/en\/gradina-botanica-universitara-o-sursa-valoroasa-pentru-aromaterapie\/","title":{"rendered":"Gr\u0103dina Botanic\u0103 Universitar\u0103, o surs\u0103 valoroas\u0103 pentru aromaterapie"},"content":{"rendered":"<p>[vc_row][vc_column][vc_column_text]Facultatea de Farmacie, prin Disciplina de Botanic\u0103 Farmaceutic\u0103 \u0219i Disciplina de Farmacognozie \u0219i Fitoterapie, a organizat joi, 13 decembrie 2018, \u00een cadrul Zilelor UMFST, evenimentul intitulat \u201cGr\u0103dina Botanic\u0103, o surs\u0103 valoroas\u0103 pentru aromaterapie\u201d, la care au participat aproximativ 130 de elevi din clasele a X-a, a XI-a \u0219i a XII-a din urm\u0103toarele colegii \u0219i licee: Colegiul Na\u021bional \u201cAlexandru Papiu Ilarian\u201d, Colegiul Na\u021bional \u201cUnirea\u201d, Colegiul Economic \u201cTransilvania\u201d, Liceul Teoretic \u201cBolyai-Farkas\u201d, Liceul Interna\u021bional \u201cIntegritas\u201d \u0219i Liceul Teoretic \u201cDr. Lind\u201d.<\/p>\n<p>Workshop-ul a avut ca scop prezentarea Gr\u0103dinii Botanice Universitare din cadrul UMFST T\u00e2rgu Mure\u0219 \u0219i metodele de valorificare a plantelor medicinale \u00een aromaterapie. Manifestarea \u0219tiin\u021bific\u0103 a cuprins trei activit\u0103\u021bi: un seminar despre aromaterapie, o lucrare practic\u0103 organizat\u0103 de Disciplina de Botanic\u0103 Farmaceutic\u0103 privind analiza microscopic\u0103 a \u021besuturilor secretoare din plante, o lucrare practic\u0103 organizat\u0103 de Disciplina de Farmacognozie \u0219i Fitoterapie privind metodele de ob\u021binere a uleiurilor volatile \u0219i analiza fitochimic\u0103 a acestora.[\/vc_column_text][\/vc_column][\/vc_row][vc_row][vc_column]<div class=\"agrikole-images-grid clearfix\" data-layout=\"grid\" data-column=\"4\" data-column2=\"3\" data-column3=\"2\" data-column4=\"1\" data-gaph=\"15\" data-gapv=\"15\"><div id=\"images-wrap\" class=\"cbp\"><div class=\"cbp-item\"><div class=\"item-wrap\" style=\"\"><a class=\"zoom-popup cbp-lightbox\" href=\"https:\/\/gradinabotanica.umfst.ro\/wp-content\/uploads\/2021\/02\/01-1.jpg\"><\/a><img src=\"https:\/\/gradinabotanica.umfst.ro\/wp-content\/uploads\/2021\/02\/01-1.jpg\" alt=\"image\" \/><\/div><\/div><div class=\"cbp-item\"><div class=\"item-wrap\" style=\"\"><a class=\"zoom-popup cbp-lightbox\" href=\"https:\/\/gradinabotanica.umfst.ro\/wp-content\/uploads\/2021\/02\/csm_Gradina_botanica1_59c7988bf0.jpg\"><\/a><img src=\"https:\/\/gradinabotanica.umfst.ro\/wp-content\/uploads\/2021\/02\/csm_Gradina_botanica1_59c7988bf0.jpg\" alt=\"image\" \/><\/div><\/div><div class=\"cbp-item\"><div class=\"item-wrap\" style=\"\"><a class=\"zoom-popup cbp-lightbox\" href=\"https:\/\/gradinabotanica.umfst.ro\/wp-content\/uploads\/2021\/02\/csm_Gradina_botanica3_46959bda9e-1.jpg\"><\/a><img src=\"https:\/\/gradinabotanica.umfst.ro\/wp-content\/uploads\/2021\/02\/csm_Gradina_botanica3_46959bda9e-1.jpg\" alt=\"image\" \/><\/div><\/div><div class=\"cbp-item\"><div class=\"item-wrap\" style=\"\"><a class=\"zoom-popup cbp-lightbox\" href=\"https:\/\/gradinabotanica.umfst.ro\/wp-content\/uploads\/2021\/02\/DSC_5946.jpg\"><\/a><img src=\"https:\/\/gradinabotanica.umfst.ro\/wp-content\/uploads\/2021\/02\/DSC_5946.jpg\" alt=\"image\" \/><\/div><\/div><div class=\"cbp-item\"><div class=\"item-wrap\" style=\"\"><a class=\"zoom-popup cbp-lightbox\" href=\"https:\/\/gradinabotanica.umfst.ro\/wp-content\/uploads\/2021\/02\/DSC_5963.jpg\"><\/a><img src=\"https:\/\/gradinabotanica.umfst.ro\/wp-content\/uploads\/2021\/02\/DSC_5963.jpg\" alt=\"image\" \/><\/div><\/div><div class=\"cbp-item\"><div class=\"item-wrap\" style=\"\"><a class=\"zoom-popup cbp-lightbox\" href=\"https:\/\/gradinabotanica.umfst.ro\/wp-content\/uploads\/2021\/02\/DSC_5969.jpg\"><\/a><img src=\"https:\/\/gradinabotanica.umfst.ro\/wp-content\/uploads\/2021\/02\/DSC_5969.jpg\" alt=\"image\" \/><\/div><\/div><div class=\"cbp-item\"><div class=\"item-wrap\" style=\"\"><a class=\"zoom-popup cbp-lightbox\" href=\"https:\/\/gradinabotanica.umfst.ro\/wp-content\/uploads\/2021\/02\/DSC_5971.jpg\"><\/a><img src=\"https:\/\/gradinabotanica.umfst.ro\/wp-content\/uploads\/2021\/02\/DSC_5971.jpg\" alt=\"image\" \/><\/div><\/div><div class=\"cbp-item\"><div class=\"item-wrap\" style=\"\"><a class=\"zoom-popup cbp-lightbox\" href=\"https:\/\/gradinabotanica.umfst.ro\/wp-content\/uploads\/2021\/02\/DSC_5974.jpg\"><\/a><img src=\"https:\/\/gradinabotanica.umfst.ro\/wp-content\/uploads\/2021\/02\/DSC_5974.jpg\" alt=\"image\" \/><\/div><\/div><div class=\"cbp-item\"><div class=\"item-wrap\" style=\"\"><a class=\"zoom-popup cbp-lightbox\" href=\"https:\/\/gradinabotanica.umfst.ro\/wp-content\/uploads\/2021\/02\/DSC_5984.jpg\"><\/a><img src=\"https:\/\/gradinabotanica.umfst.ro\/wp-content\/uploads\/2021\/02\/DSC_5984.jpg\" alt=\"image\" \/><\/div><\/div><div class=\"cbp-item\"><div class=\"item-wrap\" style=\"\"><a class=\"zoom-popup cbp-lightbox\" href=\"https:\/\/gradinabotanica.umfst.ro\/wp-content\/uploads\/2021\/02\/IMAG1160.jpg\"><\/a><img src=\"https:\/\/gradinabotanica.umfst.ro\/wp-content\/uploads\/2021\/02\/IMAG1160.jpg\" alt=\"image\" \/><\/div><\/div><div class=\"cbp-item\"><div class=\"item-wrap\" style=\"\"><a class=\"zoom-popup cbp-lightbox\" href=\"https:\/\/gradinabotanica.umfst.ro\/wp-content\/uploads\/2021\/02\/IMAG1161.jpg\"><\/a><img src=\"https:\/\/gradinabotanica.umfst.ro\/wp-content\/uploads\/2021\/02\/IMAG1161.jpg\" alt=\"image\" \/><\/div><\/div><div class=\"cbp-item\"><div class=\"item-wrap\" style=\"\"><a class=\"zoom-popup cbp-lightbox\" href=\"https:\/\/gradinabotanica.umfst.ro\/wp-content\/uploads\/2021\/02\/Lavandula-angustifolia-1.jpg\"><\/a><img src=\"https:\/\/gradinabotanica.umfst.ro\/wp-content\/uploads\/2021\/02\/Lavandula-angustifolia-1.jpg\" alt=\"image\" \/><\/div><\/div><div class=\"cbp-item\"><div class=\"item-wrap\" style=\"\"><a class=\"zoom-popup cbp-lightbox\" href=\"https:\/\/gradinabotanica.umfst.ro\/wp-content\/uploads\/2021\/02\/Lavandula-angustifolia-2.jpg\"><\/a><img src=\"https:\/\/gradinabotanica.umfst.ro\/wp-content\/uploads\/2021\/02\/Lavandula-angustifolia-2.jpg\" alt=\"image\" \/><\/div><\/div><div class=\"cbp-item\"><div class=\"item-wrap\" style=\"\"><a class=\"zoom-popup cbp-lightbox\" href=\"https:\/\/gradinabotanica.umfst.ro\/wp-content\/uploads\/2021\/02\/Humulus-lupulus-1-scaled.jpg\"><\/a><img src=\"https:\/\/gradinabotanica.umfst.ro\/wp-content\/uploads\/2021\/02\/Humulus-lupulus-1-scaled.jpg\" alt=\"image\" \/><\/div><\/div><div class=\"cbp-item\"><div class=\"item-wrap\" style=\"\"><a class=\"zoom-popup cbp-lightbox\" href=\"https:\/\/gradinabotanica.umfst.ro\/wp-content\/uploads\/2021\/02\/Humulus-lupulus-2-scaled.jpg\"><\/a><img src=\"https:\/\/gradinabotanica.umfst.ro\/wp-content\/uploads\/2021\/02\/Humulus-lupulus-2-scaled.jpg\" alt=\"image\" \/><\/div><\/div><div class=\"cbp-item\"><div class=\"item-wrap\" style=\"\"><a class=\"zoom-popup cbp-lightbox\" href=\"https:\/\/gradinabotanica.umfst.ro\/wp-content\/uploads\/2021\/02\/Citrus-sp.-scaled.jpg\"><\/a><img src=\"https:\/\/gradinabotanica.umfst.ro\/wp-content\/uploads\/2021\/02\/Citrus-sp.-scaled.jpg\" alt=\"image\" \/><\/div><\/div><div class=\"cbp-item\"><div class=\"item-wrap\" style=\"\"><a class=\"zoom-popup cbp-lightbox\" href=\"https:\/\/gradinabotanica.umfst.ro\/wp-content\/uploads\/2021\/02\/Pinus-sylvestris-1.jpg\"><\/a><img src=\"https:\/\/gradinabotanica.umfst.ro\/wp-content\/uploads\/2021\/02\/Pinus-sylvestris-1.jpg\" alt=\"image\" \/><\/div><\/div><div class=\"cbp-item\"><div class=\"item-wrap\" style=\"\"><a class=\"zoom-popup cbp-lightbox\" href=\"https:\/\/gradinabotanica.umfst.ro\/wp-content\/uploads\/2021\/02\/Pinus-sylvestris-2.jpg\"><\/a><img src=\"https:\/\/gradinabotanica.umfst.ro\/wp-content\/uploads\/2021\/02\/Pinus-sylvestris-2.jpg\" alt=\"image\" \/><\/div><\/div><\/div><\/div>[\/vc_column][\/vc_row]<\/p>\n","protected":false},"excerpt":{"rendered":"<p>[vc_row][vc_column][vc_column_text]Facultatea de Farmacie, prin Disciplina de Botanic\u0103 Farmaceutic\u0103 \u0219i Disciplina de Farmacognozie \u0219i Fitoterapie, a organizat joi, 13 decembrie 2018, \u00een cadrul Zilelor UMFST, evenimentul intitulat \u201cGr\u0103dina Botanic\u0103, o surs\u0103 valoroas\u0103 pentru aromaterapie\u201d, la care au participat aproximativ 130 de elevi din clasele a X-a, a XI-a \u0219i a XII-a<\/p>\n","protected":false},"author":1,"featured_media":15240,"comment_status":"closed","ping_status":"closed","sticky":false,"template":"","format":"standard","meta":[],"categories":[26],"tags":[],"_links":{"self":[{"href":"https:\/\/gradinabotanica.umfst.ro\/en\/wp-json\/wp\/v2\/posts\/15300"}],"collection":[{"href":"https:\/\/gradinabotanica.umfst.ro\/en\/wp-json\/wp\/v2\/posts"}],"about":[{"href":"https:\/\/gradinabotanica.umfst.ro\/en\/wp-json\/wp\/v2\/types\/post"}],"author":[{"embeddable":true,"href":"https:\/\/gradinabotanica.umfst.ro\/en\/wp-json\/wp\/v2\/users\/1"}],"replies":[{"embeddable":true,"href":"https:\/\/gradinabotanica.umfst.ro\/en\/wp-json\/wp\/v2\/comments?post=15300"}],"version-history":[{"count":1,"href":"https:\/\/gradinabotanica.umfst.ro\/en\/wp-json\/wp\/v2\/posts\/15300\/revisions"}],"predecessor-version":[{"id":15301,"href":"https:\/\/gradinabotanica.umfst.ro\/en\/wp-json\/wp\/v2\/posts\/15300\/revisions\/15301"}],"wp:featuredmedia":[{"embeddable":true,"href":"https:\/\/gradinabotanica.umfst.ro\/en\/wp-json\/wp\/v2\/media\/15240"}],"wp:attachment":[{"href":"https:\/\/gradinabotanica.umfst.ro\/en\/wp-json\/wp\/v2\/media?parent=15300"}],"wp:term":[{"taxonomy":"category","embeddable":true,"href":"https:\/\/gradinabotanica.umfst.ro\/en\/wp-json\/wp\/v2\/categories?post=15300"},{"taxonomy":"post_tag","embeddable":true,"href":"https:\/\/gradinabotanica.umfst.ro\/en\/wp-json\/wp\/v2\/tags?post=15300"}],"curies":[{"name":"wp","href":"https:\/\/api.w.org\/{rel}","templated":true}]}}