{"id":15298,"date":"2021-02-08T10:24:37","date_gmt":"2021-02-08T08:24:37","guid":{"rendered":"https:\/\/gradinabotanica.umfst.ro\/70-de-ani-de-la-infiintarea-gradinii-botanice-universitare-din-tirgu-mures\/"},"modified":"2021-02-08T10:24:37","modified_gmt":"2021-02-08T08:24:37","slug":"70-de-ani-de-la-infiintarea-gradinii-botanice-universitare-din-tirgu-mures","status":"publish","type":"post","link":"https:\/\/gradinabotanica.umfst.ro\/en\/70-de-ani-de-la-infiintarea-gradinii-botanice-universitare-din-tirgu-mures\/","title":{"rendered":"70 de ani de la \u00eenfiin\u021barea Gr\u0103dinii Botanice Universitare din T\u00eergu-Mure\u015f"},"content":{"rendered":"<p>Avem pl\u0103cerea s\u0103 v\u0103 invit\u0103m la manifestarea dedicat\u0103 anivers\u0103rii a 70 de ani de la \u00eenfiin\u0163area Gr\u0103dinii Botanice \u0219i a 110 de ani de la \u00eenfiin\u0163area Parcului Dendrologic care se va desf\u0103\u015fura \u00een cadrul Universit\u0103\u021bii de Medicin\u0103 \u0219i Farmacie din T\u00eergu Mure\u0219, \u00een perioada 30 mai \u2013 1 iunie 2018.<\/p>\n<p>Sec\u0163iunile simpozionului<\/p>\n<p>Diversitatea structural\u0103 \u015fi func\u0163ional\u0103 a plantelor<br \/>\nCercet\u0103ri \u00een domeniul amedicinale<br \/>\nConservarea speciilor medicinale din flora spontan\u0103 prin ac\u0163iuni ecologice specifice protec\u0163iei mediului<br \/>\nColec\u0163ii \u00een gr\u0103dini botanice<br \/>\nEduca\u0163ia ecologic\u0103 \u00een gr\u0103dini botanice<\/p>\n<p>Mai multe informa\u021bii g\u0103si\u021bi \u00een programul \u0219tiin\u021bific al conferin\u021bei.<\/p>\n<p><a href=\"https:\/\/gradinabotanica.umfst.ro\/wp-content\/uploads\/2021\/03\/Program-eveniment-Simpozion-Aniversar.pdf\" target=\"_blank\" rel=\"noopener noreferrer\">Program eveniment-Simpozion Aniversar<\/a><\/p>\n","protected":false},"excerpt":{"rendered":"<p>Avem pl\u0103cerea s\u0103 v\u0103 invit\u0103m la manifestarea dedicat\u0103 anivers\u0103rii a 70 de ani de la \u00eenfiin\u0163area Gr\u0103dinii Botanice \u0219i a 110 de ani de la \u00eenfiin\u0163area Parcului Dendrologic care se va desf\u0103\u015fura \u00een cadrul Universit\u0103\u021bii de Medicin\u0103 \u0219i Farmacie din T\u00eergu Mure\u0219, \u00een perioada 30 mai \u2013 1 iunie 2018.<\/p>\n","protected":false},"author":1,"featured_media":15192,"comment_status":"closed","ping_status":"closed","sticky":false,"template":"","format":"standard","meta":[],"categories":[26],"tags":[],"_links":{"self":[{"href":"https:\/\/gradinabotanica.umfst.ro\/en\/wp-json\/wp\/v2\/posts\/15298"}],"collection":[{"href":"https:\/\/gradinabotanica.umfst.ro\/en\/wp-json\/wp\/v2\/posts"}],"about":[{"href":"https:\/\/gradinabotanica.umfst.ro\/en\/wp-json\/wp\/v2\/types\/post"}],"author":[{"embeddable":true,"href":"https:\/\/gradinabotanica.umfst.ro\/en\/wp-json\/wp\/v2\/users\/1"}],"replies":[{"embeddable":true,"href":"https:\/\/gradinabotanica.umfst.ro\/en\/wp-json\/wp\/v2\/comments?post=15298"}],"version-history":[{"count":0,"href":"https:\/\/gradinabotanica.umfst.ro\/en\/wp-json\/wp\/v2\/posts\/15298\/revisions"}],"wp:featuredmedia":[{"embeddable":true,"href":"https:\/\/gradinabotanica.umfst.ro\/en\/wp-json\/wp\/v2\/media\/15192"}],"wp:attachment":[{"href":"https:\/\/gradinabotanica.umfst.ro\/en\/wp-json\/wp\/v2\/media?parent=15298"}],"wp:term":[{"taxonomy":"category","embeddable":true,"href":"https:\/\/gradinabotanica.umfst.ro\/en\/wp-json\/wp\/v2\/categories?post=15298"},{"taxonomy":"post_tag","embeddable":true,"href":"https:\/\/gradinabotanica.umfst.ro\/en\/wp-json\/wp\/v2\/tags?post=15298"}],"curies":[{"name":"wp","href":"https:\/\/api.w.org\/{rel}","templated":true}]}}